{"id":700,"date":"2021-01-29T21:18:36","date_gmt":"2021-01-29T20:18:36","guid":{"rendered":"http:\/\/zspslodkow.com\/przedszkole1\/?p=700"},"modified":"2021-01-29T21:20:22","modified_gmt":"2021-01-29T20:20:22","slug":"wielka-orkiestra-swiatecznej-pomocy","status":"publish","type":"post","link":"http:\/\/zspslodkow.com\/przedszkole1\/2021\/01\/29\/wielka-orkiestra-swiatecznej-pomocy\/","title":{"rendered":"Wielka Orkiestra \u015awi\u0105tecznej Pomocy"},"content":{"rendered":"\n<h3 class=\"wp-block-heading\">Dzieci z naszego przedszkola i klas I-III przy\u0142\u0105czy\u0142y si\u0119 do 29 Fina\u0142u Wielkiej Orkiestry \u015awi\u0105tecznej Pomocy. W tym roku zbierali\u015bmy dla oddzia\u0142\u00f3w dzieci\u0119cej laryngologii, otolaryngologii i diagnostyki g\u0142owy. Zebrali\u015bmy kwot\u0119 2100z\u0142. Dzi\u0119kujemy za Wasz\u0105 dobro\u0107 i pomoc.<\/h3>\n\n\n\n<figure class=\"wp-block-gallery columns-2 is-cropped wp-block-gallery-1 is-layout-flex wp-block-gallery-is-layout-flex\"><ul class=\"blocks-gallery-grid\"><li class=\"blocks-gallery-item\"><figure><img loading=\"lazy\" decoding=\"async\" width=\"1024\" height=\"576\" src=\"http:\/\/zspslodkow.com\/przedszkole1\/wp-content\/uploads\/2021\/01\/144081831_334477381338906_1703969422096644175_n-1024x576.jpg\" alt=\"\" data-id=\"701\" data-full-url=\"http:\/\/zspslodkow.com\/przedszkole1\/wp-content\/uploads\/2021\/01\/144081831_334477381338906_1703969422096644175_n-scaled.jpg\" data-link=\"http:\/\/zspslodkow.com\/przedszkole1\/?attachment_id=701\" class=\"wp-image-701\" srcset=\"http:\/\/zspslodkow.com\/przedszkole1\/wp-content\/uploads\/2021\/01\/144081831_334477381338906_1703969422096644175_n-1024x576.jpg 1024w, http:\/\/zspslodkow.com\/przedszkole1\/wp-content\/uploads\/2021\/01\/144081831_334477381338906_1703969422096644175_n-300x169.jpg 300w, http:\/\/zspslodkow.com\/przedszkole1\/wp-content\/uploads\/2021\/01\/144081831_334477381338906_1703969422096644175_n-768x432.jpg 768w, http:\/\/zspslodkow.com\/przedszkole1\/wp-content\/uploads\/2021\/01\/144081831_334477381338906_1703969422096644175_n-1536x864.jpg 1536w, http:\/\/zspslodkow.com\/przedszkole1\/wp-content\/uploads\/2021\/01\/144081831_334477381338906_1703969422096644175_n-2048x1152.jpg 2048w\" sizes=\"auto, (max-width: 1024px) 100vw, 1024px\" \/><\/figure><\/li><li class=\"blocks-gallery-item\"><figure><img loading=\"lazy\" decoding=\"async\" width=\"1024\" height=\"576\" src=\"http:\/\/zspslodkow.com\/przedszkole1\/wp-content\/uploads\/2021\/01\/144248313_405557327338105_1917147876282657418_n-1024x576.jpg\" alt=\"\" data-id=\"703\" data-full-url=\"http:\/\/zspslodkow.com\/przedszkole1\/wp-content\/uploads\/2021\/01\/144248313_405557327338105_1917147876282657418_n-scaled.jpg\" data-link=\"http:\/\/zspslodkow.com\/przedszkole1\/?attachment_id=703\" class=\"wp-image-703\" srcset=\"http:\/\/zspslodkow.com\/przedszkole1\/wp-content\/uploads\/2021\/01\/144248313_405557327338105_1917147876282657418_n-1024x576.jpg 1024w, http:\/\/zspslodkow.com\/przedszkole1\/wp-content\/uploads\/2021\/01\/144248313_405557327338105_1917147876282657418_n-300x169.jpg 300w, http:\/\/zspslodkow.com\/przedszkole1\/wp-content\/uploads\/2021\/01\/144248313_405557327338105_1917147876282657418_n-768x432.jpg 768w, http:\/\/zspslodkow.com\/przedszkole1\/wp-content\/uploads\/2021\/01\/144248313_405557327338105_1917147876282657418_n-1536x864.jpg 1536w, http:\/\/zspslodkow.com\/przedszkole1\/wp-content\/uploads\/2021\/01\/144248313_405557327338105_1917147876282657418_n-2048x1152.jpg 2048w\" sizes=\"auto, (max-width: 1024px) 100vw, 1024px\" \/><\/figure><\/li><\/ul><\/figure>\n","protected":false},"excerpt":{"rendered":"<p>Dzieci z naszego przedszkola i klas I-III przy\u0142\u0105czy\u0142y si\u0119 do 29 Fina\u0142u Wielkiej Orkiestry \u015awi\u0105tecznej [&hellip;]<\/p>\n","protected":false},"author":2,"featured_media":703,"comment_status":"closed","ping_status":"","sticky":false,"template":"","format":"standard","meta":{"footnotes":""},"categories":[1],"tags":[],"class_list":["post-700","post","type-post","status-publish","format-standard","has-post-thumbnail","hentry","category-bez-kategorii"],"_links":{"self":[{"href":"http:\/\/zspslodkow.com\/przedszkole1\/wp-json\/wp\/v2\/posts\/700","targetHints":{"allow":["GET"]}}],"collection":[{"href":"http:\/\/zspslodkow.com\/przedszkole1\/wp-json\/wp\/v2\/posts"}],"about":[{"href":"http:\/\/zspslodkow.com\/przedszkole1\/wp-json\/wp\/v2\/types\/post"}],"author":[{"embeddable":true,"href":"http:\/\/zspslodkow.com\/przedszkole1\/wp-json\/wp\/v2\/users\/2"}],"replies":[{"embeddable":true,"href":"http:\/\/zspslodkow.com\/przedszkole1\/wp-json\/wp\/v2\/comments?post=700"}],"version-history":[{"count":2,"href":"http:\/\/zspslodkow.com\/przedszkole1\/wp-json\/wp\/v2\/posts\/700\/revisions"}],"predecessor-version":[{"id":705,"href":"http:\/\/zspslodkow.com\/przedszkole1\/wp-json\/wp\/v2\/posts\/700\/revisions\/705"}],"wp:featuredmedia":[{"embeddable":true,"href":"http:\/\/zspslodkow.com\/przedszkole1\/wp-json\/wp\/v2\/media\/703"}],"wp:attachment":[{"href":"http:\/\/zspslodkow.com\/przedszkole1\/wp-json\/wp\/v2\/media?parent=700"}],"wp:term":[{"taxonomy":"category","embeddable":true,"href":"http:\/\/zspslodkow.com\/przedszkole1\/wp-json\/wp\/v2\/categories?post=700"},{"taxonomy":"post_tag","embeddable":true,"href":"http:\/\/zspslodkow.com\/przedszkole1\/wp-json\/wp\/v2\/tags?post=700"}],"curies":[{"name":"wp","href":"https:\/\/api.w.org\/{rel}","templated":true}]}}